{"id":1002,"date":"2017-08-09T14:24:53","date_gmt":"2017-08-09T12:24:53","guid":{"rendered":"http:\/\/fledermauszug-deutschland.de\/?p=1002"},"modified":"2018-03-07T17:16:25","modified_gmt":"2018-03-07T16:16:25","slug":"aufruf-an-funkamateure-und-fledermausforscher-im-projekt-fern-funk-telemetrie-2017","status":"publish","type":"post","link":"https:\/\/www.fledermauszug-deutschland.de\/index.php\/2017\/08\/09\/aufruf-an-funkamateure-und-fledermausforscher-im-projekt-fern-funk-telemetrie-2017\/","title":{"rendered":"+ Aufruf an Funkamateure und Fledermausforscher im Projekt \u201eFern-Funk-Telemetrie 2017\u201c"},"content":{"rendered":"<p><strong><a href=\"https:\/\/www.fledermauszug-deutschland.de\/wp-content\/uploads\/2017\/08\/17-engl_Aufruf-reqeuest.pdf\" target=\"_blank\" rel=\"noopener\"><img loading=\"lazy\" decoding=\"async\" class=\"alignnone wp-image-1041\" src=\"https:\/\/www.fledermauszug-deutschland.de\/wp-content\/uploads\/2017\/08\/flagge-grossbritannien.gif\" alt=\"\" width=\"48\" height=\"32\" \/><\/a>\u00a0\u00a0\u00a0<a href=\"https:\/\/www.fledermaus-aksa.de\/wp-content\/uploads\/2017\/08\/17-Projet_telemetrie-franz\u00f6sisch.pdf\" target=\"_blank\" rel=\"noopener\"><img loading=\"lazy\" decoding=\"async\" class=\"alignnone wp-image-1115\" src=\"https:\/\/www.fledermauszug-deutschland.de\/wp-content\/uploads\/2017\/08\/Frankreich.png\" alt=\"\" width=\"49\" height=\"34\" \/><\/a><\/strong><\/p>\n<p>Ab dem 13.08.2017 werden in Ostdeutschland (Brandenburg und Sachsen-Anhalt)<br \/>\n20 Flederm\u00e4use besendert (12 <em>Nyctalus leisleri<\/em> und 8 <em>Pipistrellus nathusii)<\/em>.<\/p>\n<p>Die Zugrichtungen beider Fledermausarten werden hier dargestellt.<\/p>\n<p>Es wird bei dem Projekt um Unterst\u00fctzung durch Funkamateure in Mittel-, S\u00fcdwest- und S\u00fcdeuropa sowie in Nordafrika gebeten. Die Antennenanlagen der Funkamateure k\u00f6nnen die Frequenzen der Flederm\u00e4use im 150 MHz-Band empfangen.<\/p>\n<p>Fledermaus-Funkamateur-Koordinator des Projektes ist Hans-Joachim Vogl: DG1HVL. Technische Fragen zum Projekt werden durch ihn beantwortet: <a href=\"mailto:hansvogl@t-online.de\">hansvogl@t-online.de<\/a>.<\/p>\n<p>Wir bitten um eine zeitnahe Mitteilung georteter und aufgezeichneter Funksignale an DG1HVL.<\/p>\n<p><strong>Kleinabendsegler <em>Nyctalus leisleri<br \/>\n<\/em><\/strong><a href=\"https:\/\/www.fledermauszug-deutschland.de\/wp-content\/uploads\/2017\/08\/Flugroute-Nlei.jpg\"><img loading=\"lazy\" decoding=\"async\" class=\"alignnone size-full wp-image-1003\" src=\"https:\/\/www.fledermauszug-deutschland.de\/wp-content\/uploads\/2017\/08\/Flugroute-Nlei.jpg\" alt=\"\" width=\"604\" height=\"467\" srcset=\"https:\/\/www.fledermauszug-deutschland.de\/wp-content\/uploads\/2017\/08\/Flugroute-Nlei.jpg 604w, https:\/\/www.fledermauszug-deutschland.de\/wp-content\/uploads\/2017\/08\/Flugroute-Nlei-300x232.jpg 300w\" sizes=\"auto, (max-width: 604px) 100vw, 604px\" \/><\/a><\/p>\n<p>Sektor zwischen <strong>roten Linien<\/strong>\u00a0 &#8211; verdichteter Zugsektor<br \/>\nSektor zwischen <strong>blauen Linien<\/strong> &#8211; m\u00f6glicher und verdichteter Zugsektor<br \/>\n<strong>Roter Punkt<\/strong>: Orte der Besenderung<\/p>\n<p><strong>Rauhautfledermaus <em>Pipistrellus nathusii<br \/>\n<\/em><\/strong><a href=\"https:\/\/www.fledermauszug-deutschland.de\/wp-content\/uploads\/2017\/08\/Flugroute-Pnat.jpg\"><img loading=\"lazy\" decoding=\"async\" class=\"alignnone size-full wp-image-1004\" src=\"https:\/\/www.fledermauszug-deutschland.de\/wp-content\/uploads\/2017\/08\/Flugroute-Pnat.jpg\" alt=\"\" width=\"604\" height=\"467\" srcset=\"https:\/\/www.fledermauszug-deutschland.de\/wp-content\/uploads\/2017\/08\/Flugroute-Pnat.jpg 604w, https:\/\/www.fledermauszug-deutschland.de\/wp-content\/uploads\/2017\/08\/Flugroute-Pnat-300x232.jpg 300w\" sizes=\"auto, (max-width: 604px) 100vw, 604px\" \/><\/a><\/p>\n<p>Sektor zwischen <strong>roten Linien<\/strong>\u00a0 &#8211; verdichteter Zugsektor nach West bis S\u00fcdwest<br \/>\nSektor zwischen <strong>lila Linien<\/strong>\u00a0 &#8211; \u00a0verdichteter Zugsektor nach S\u00fcdwest<br \/>\nSektor zwischen <strong>blauen gestrichelten Linien<\/strong>\u00a0 &#8211;\u00a0 m\u00f6glicher und verdichteter Zugsektor<br \/>\n<strong>Roter Punkt<\/strong>: Orte der Besenderung<\/p>\n<p><a href=\"https:\/\/www.fledermauszug-deutschland.de\/wp-content\/uploads\/2017\/08\/FM-Banner.jpg\"><img loading=\"lazy\" decoding=\"async\" class=\"alignnone size-full wp-image-991\" src=\"https:\/\/www.fledermauszug-deutschland.de\/wp-content\/uploads\/2017\/08\/FM-Banner.jpg\" alt=\"\" width=\"600\" height=\"200\" srcset=\"https:\/\/www.fledermauszug-deutschland.de\/wp-content\/uploads\/2017\/08\/FM-Banner.jpg 600w, https:\/\/www.fledermauszug-deutschland.de\/wp-content\/uploads\/2017\/08\/FM-Banner-300x100.jpg 300w\" sizes=\"auto, (max-width: 600px) 100vw, 600px\" \/><\/a><\/p>\n<p>Gesamttext <a href=\"https:\/\/www.fledermauszug-deutschland.de\/wp-content\/uploads\/2017\/08\/17-Aufruf-an-Funkamateure-und-Fledermausforscher.pdf\" target=\"_blank\" rel=\"noopener\">hier<\/a><\/p>\n","protected":false},"excerpt":{"rendered":"<p>\u00a0\u00a0\u00a0 Ab dem 13.08.2017 werden in Ostdeutschland (Brandenburg und Sachsen-Anhalt) 20 Flederm\u00e4use besendert (12 Nyctalus leisleri und 8 Pipistrellus nathusii). Die Zugrichtungen beider Fledermausarten werden hier dargestellt. Es wird bei <a class=\"more-link\" href=\"https:\/\/www.fledermauszug-deutschland.de\/index.php\/2017\/08\/09\/aufruf-an-funkamateure-und-fledermausforscher-im-projekt-fern-funk-telemetrie-2017\/\">Weiterlesen \u2192<\/a><\/p>\n","protected":false},"author":3,"featured_media":0,"comment_status":"closed","ping_status":"closed","sticky":false,"template":"","format":"standard","meta":{"footnotes":""},"categories":[1,9,10],"tags":[],"class_list":["post-1002","post","type-post","status-publish","format-standard","hentry","category-allgemein","category-archive","category-funk-fern-telemetrie-2017"],"_links":{"self":[{"href":"https:\/\/www.fledermauszug-deutschland.de\/index.php\/wp-json\/wp\/v2\/posts\/1002","targetHints":{"allow":["GET"]}}],"collection":[{"href":"https:\/\/www.fledermauszug-deutschland.de\/index.php\/wp-json\/wp\/v2\/posts"}],"about":[{"href":"https:\/\/www.fledermauszug-deutschland.de\/index.php\/wp-json\/wp\/v2\/types\/post"}],"author":[{"embeddable":true,"href":"https:\/\/www.fledermauszug-deutschland.de\/index.php\/wp-json\/wp\/v2\/users\/3"}],"replies":[{"embeddable":true,"href":"https:\/\/www.fledermauszug-deutschland.de\/index.php\/wp-json\/wp\/v2\/comments?post=1002"}],"version-history":[{"count":13,"href":"https:\/\/www.fledermauszug-deutschland.de\/index.php\/wp-json\/wp\/v2\/posts\/1002\/revisions"}],"predecessor-version":[{"id":1280,"href":"https:\/\/www.fledermauszug-deutschland.de\/index.php\/wp-json\/wp\/v2\/posts\/1002\/revisions\/1280"}],"wp:attachment":[{"href":"https:\/\/www.fledermauszug-deutschland.de\/index.php\/wp-json\/wp\/v2\/media?parent=1002"}],"wp:term":[{"taxonomy":"category","embeddable":true,"href":"https:\/\/www.fledermauszug-deutschland.de\/index.php\/wp-json\/wp\/v2\/categories?post=1002"},{"taxonomy":"post_tag","embeddable":true,"href":"https:\/\/www.fledermauszug-deutschland.de\/index.php\/wp-json\/wp\/v2\/tags?post=1002"}],"curies":[{"name":"wp","href":"https:\/\/api.w.org\/{rel}","templated":true}]}}