{"id":1295,"date":"2018-06-11T08:27:34","date_gmt":"2018-06-11T06:27:34","guid":{"rendered":"https:\/\/www.fledermauszug-deutschland.de\/?p=1295"},"modified":"2018-06-13T18:08:36","modified_gmt":"2018-06-13T16:08:36","slug":"neues-radio-tracking-eu-tutorial-fuers-monitoring-fledermauszug-deutschland","status":"publish","type":"post","link":"https:\/\/www.fledermauszug-deutschland.de\/index.php\/2018\/06\/11\/neues-radio-tracking-eu-tutorial-fuers-monitoring-fledermauszug-deutschland\/","title":{"rendered":"+ Neues radio-tracking.eu Tutorial f\u00fcr\u2018s Monitoring \u201cFledermauszug Deutschland\u201d"},"content":{"rendered":"<p>Das Projekt radio-tracking.eu zur automatischen Erfassung besenderter Flederm\u00e4use wurde von Ralf Zeidler auf der Fr\u00fchjahrstagung Fledermaus-Hotspots vom 16. \u2013 18. M\u00e4rz 2018 in Ro\u00dfla und beim Telemetrieseminar des Bonner Arbeitskreises f\u00fcr Fledermausschutz (BAFF) am 03. M\u00e4rz 2018 in Bonn vorgestellt.<\/p>\n<p><a href=\"http:\/\/www.fledermaus-aksa.de\/wp-content\/uploads\/2018\/06\/rteu_Tutorial_DH4KAV_V1.4.0.pdf\"><img loading=\"lazy\" decoding=\"async\" class=\" wp-image-1296 aligncenter\" src=\"https:\/\/www.fledermauszug-deutschland.de\/wp-content\/uploads\/2018\/06\/rteu-Tutorial_Titelblatt.jpg\" alt=\"\" width=\"350\" height=\"503\" srcset=\"https:\/\/www.fledermauszug-deutschland.de\/wp-content\/uploads\/2018\/06\/rteu-Tutorial_Titelblatt.jpg 583w, https:\/\/www.fledermauszug-deutschland.de\/wp-content\/uploads\/2018\/06\/rteu-Tutorial_Titelblatt-209x300.jpg 209w\" sizes=\"auto, (max-width: 350px) 100vw, 350px\" \/><\/a><\/p>\n<p>Das System kommt mit relativ preiswerter Hardware, basierend auf Rapberry Pi und RTL-SDR-Empf\u00e4nger-Sticks, aus. Programmierkenntnisse sind nicht erforderlich. Nun liegt das <a href=\"https:\/\/radio-tracking.eu\/new-radio-tracking-eu-tutorial\" target=\"_blank\" rel=\"noopener\">radio-tracking.eu-Tutorial<\/a> (in deutscher Sprache) vor. (<a href=\"http:\/\/www.fledermaus-aksa.de\/wp-content\/uploads\/2018\/06\/rteu_Tutorial_DH4KAV_V1.4.0.pdf\" target=\"_blank\" rel=\"noopener\">Hier<\/a> kann es auch heruntergeladen werden)<\/p>\n<p>Wer jetzt eine Station f\u00fcr das Monitoring \u201cFledermauszug Deutschland\u201d aufbauen m\u00f6chte, um das Empf\u00e4ngernetz zu vergr\u00f6\u00dfern und damit die Empfangschancen zu verbessern, findet im Tutorial die Anleitung f\u00fcr Aufbau und Inbetriebnahme.<\/p>\n<p>Es lohnt sich, des \u00d6fteren auf <a href=\"https:\/\/radio-tracking.eu\/\" target=\"_blank\" rel=\"noopener\">Ralf Zeidlers Seite<\/a> nach neuen Versionen vom Tutorial und Softwareaktualisierungen zu schauen. Fragen und Verbesserungsvorschl\u00e4ge zum Tutorial k\u00f6nnen an <a href=\"mailto:w.dreckmann@der-baff.de\">w.dreckmann@der-baff.de<\/a> gerichtet werden.<\/p>\n<p>&nbsp;<\/p>\n","protected":false},"excerpt":{"rendered":"<p>Das Projekt radio-tracking.eu zur automatischen Erfassung besenderter Flederm\u00e4use wurde von Ralf Zeidler auf der Fr\u00fchjahrstagung Fledermaus-Hotspots vom 16. \u2013 18. M\u00e4rz 2018 in Ro\u00dfla und beim Telemetrieseminar des Bonner Arbeitskreises <a class=\"more-link\" href=\"https:\/\/www.fledermauszug-deutschland.de\/index.php\/2018\/06\/11\/neues-radio-tracking-eu-tutorial-fuers-monitoring-fledermauszug-deutschland\/\">Weiterlesen \u2192<\/a><\/p>\n","protected":false},"author":3,"featured_media":0,"comment_status":"closed","ping_status":"closed","sticky":false,"template":"","format":"standard","meta":{"footnotes":""},"categories":[1],"tags":[],"class_list":["post-1295","post","type-post","status-publish","format-standard","hentry","category-allgemein"],"_links":{"self":[{"href":"https:\/\/www.fledermauszug-deutschland.de\/index.php\/wp-json\/wp\/v2\/posts\/1295","targetHints":{"allow":["GET"]}}],"collection":[{"href":"https:\/\/www.fledermauszug-deutschland.de\/index.php\/wp-json\/wp\/v2\/posts"}],"about":[{"href":"https:\/\/www.fledermauszug-deutschland.de\/index.php\/wp-json\/wp\/v2\/types\/post"}],"author":[{"embeddable":true,"href":"https:\/\/www.fledermauszug-deutschland.de\/index.php\/wp-json\/wp\/v2\/users\/3"}],"replies":[{"embeddable":true,"href":"https:\/\/www.fledermauszug-deutschland.de\/index.php\/wp-json\/wp\/v2\/comments?post=1295"}],"version-history":[{"count":5,"href":"https:\/\/www.fledermauszug-deutschland.de\/index.php\/wp-json\/wp\/v2\/posts\/1295\/revisions"}],"predecessor-version":[{"id":1311,"href":"https:\/\/www.fledermauszug-deutschland.de\/index.php\/wp-json\/wp\/v2\/posts\/1295\/revisions\/1311"}],"wp:attachment":[{"href":"https:\/\/www.fledermauszug-deutschland.de\/index.php\/wp-json\/wp\/v2\/media?parent=1295"}],"wp:term":[{"taxonomy":"category","embeddable":true,"href":"https:\/\/www.fledermauszug-deutschland.de\/index.php\/wp-json\/wp\/v2\/categories?post=1295"},{"taxonomy":"post_tag","embeddable":true,"href":"https:\/\/www.fledermauszug-deutschland.de\/index.php\/wp-json\/wp\/v2\/tags?post=1295"}],"curies":[{"name":"wp","href":"https:\/\/api.w.org\/{rel}","templated":true}]}}