{"id":1337,"date":"2018-07-30T17:39:25","date_gmt":"2018-07-30T15:39:25","guid":{"rendered":"https:\/\/www.fledermauszug-deutschland.de\/?p=1337"},"modified":"2018-07-30T17:45:41","modified_gmt":"2018-07-30T15:45:41","slug":"projekt-fern-funk-telemetrie-nicht-ohne-funkamateure","status":"publish","type":"post","link":"https:\/\/www.fledermauszug-deutschland.de\/index.php\/2018\/07\/30\/projekt-fern-funk-telemetrie-nicht-ohne-funkamateure\/","title":{"rendered":"+ Projekt \u201eFern-Funk-Telemetrie\u201c nicht ohne Funkamateure!"},"content":{"rendered":"<p>Ab dem <strong>13.08.2018<\/strong> startet das Projekt \u201eFern-Funk-Telemetrie\u201c innerhalb des Projektes \u201eMonitoring Fledermauszug in Deutschland\u201c.<\/p>\n<p>Um besenderte Kleinabendsegler und Rauhautflederm\u00e4use im freien Luftraum fliegend zu peilen, sind leistungsstarke und hohe Antennenanlagen n\u00f6tig. Die Funkamateure in Deutschland, in Mittel- und S\u00fcdwesteuropa verf\u00fcgen \u00fcber die n\u00f6tigen Techniken, um im Umkreis von 10, 20 bis 30 km die Signale zu empfangen.<\/p>\n<p>Sicherlich gibt es auch andere M\u00f6glichkeiten mit handels\u00fcblichen DVB-T Sticks und Mini-Rechner wie Raspberry Peilungen vorzunehmen, jedoch erreichen diese <u>nicht<\/u> die Peilleistungen wie es unsere Funkamateure k\u00f6nnen und gezeigt haben.<\/p>\n<p>Daher freuen wir uns \u00fcber jede Funkamateurstation, die am Projekt teilnimmt!<\/p>\n<p>R\u00fcckblickend auf das Jahr 2017 wurden in Belgien, Spanien und in Deutschland eindeutig Sendesignale von baugleichen Ein-Punkt-Sendern empfangen, jedoch leider nicht die von Drei-Punkt-Sendern wie diese unverwechselbar in diesem Fern-Funk-Telemetrie-Projekt verwendet werden.<\/p>\n<audio class=\"wp-audio-shortcode\" id=\"audio-1337-1\" preload=\"none\" style=\"width: 100%;\" controls=\"controls\"><source type=\"audio\/mpeg\" src=\"https:\/\/www.fledermauszug-deutschland.de\/wp-content\/uploads\/2018\/07\/V6_Rauhaut.mp3?_=1\" \/><a href=\"https:\/\/www.fledermauszug-deutschland.de\/wp-content\/uploads\/2018\/07\/V6_Rauhaut.mp3\">https:\/\/www.fledermauszug-deutschland.de\/wp-content\/uploads\/2018\/07\/V6_Rauhaut.mp3<\/a><\/audio>\n<p>N\u00e4here Informationen zum Verlauf des Projektes; wann und wo sich welche besenderte Fledermaus befindet, erhalten Sie auf der Homepage \u201e<a href=\"https:\/\/www.fledermauszug-deutschland.de\/\">www.fledermauszug-deutschland.de<\/a>\u201c unter Aktuelles.<\/p>\n<p>Kontaktieren Sie bei <u>technischen Problemen<\/u> den Fledermaus-Funkamateur-Koordinator des Projektes <strong>Hans-Joachim Vogl: DG1HVL<\/strong>, <a href=\"mailto:hansvogl@t-online.de\">hansvogl@t-online.de<\/a><\/p>\n<p style=\"text-align: center;\"><strong>Machen Sie mit! Viel Gl\u00fcck!<\/strong><\/p>\n<p style=\"text-align: center;\"><strong>Herzlichen Dank f\u00fcr Ihre Unterst\u00fctzung!<\/strong><\/p>\n<p>Frage zum Projekt: Bernd Ohlendorf,\u00a0 Tel.: 0177 \/ 4336192 oder <a href=\"mailto:berndohlendorf@web.de\">berndohlendorf@web.de<\/a><\/p>\n<p><a href=\"https:\/\/www.fledermauszug-deutschland.de\/wp-content\/uploads\/2018\/07\/18-erweiterter-Aufruf-Funkamateure.pdf\" target=\"_blank\" rel=\"noopener\">Hier<\/a> kannst du den Aufruf herunterladen.<\/p>\n","protected":false},"excerpt":{"rendered":"<p>Ab dem 13.08.2018 startet das Projekt \u201eFern-Funk-Telemetrie\u201c innerhalb des Projektes \u201eMonitoring Fledermauszug in Deutschland\u201c. Um besenderte Kleinabendsegler und Rauhautflederm\u00e4use im freien Luftraum fliegend zu peilen, sind leistungsstarke und hohe Antennenanlagen <a class=\"more-link\" href=\"https:\/\/www.fledermauszug-deutschland.de\/index.php\/2018\/07\/30\/projekt-fern-funk-telemetrie-nicht-ohne-funkamateure\/\">Weiterlesen \u2192<\/a><\/p>\n","protected":false},"author":3,"featured_media":0,"comment_status":"closed","ping_status":"closed","sticky":false,"template":"","format":"standard","meta":{"footnotes":""},"categories":[1],"tags":[],"class_list":["post-1337","post","type-post","status-publish","format-standard","hentry","category-allgemein"],"_links":{"self":[{"href":"https:\/\/www.fledermauszug-deutschland.de\/index.php\/wp-json\/wp\/v2\/posts\/1337","targetHints":{"allow":["GET"]}}],"collection":[{"href":"https:\/\/www.fledermauszug-deutschland.de\/index.php\/wp-json\/wp\/v2\/posts"}],"about":[{"href":"https:\/\/www.fledermauszug-deutschland.de\/index.php\/wp-json\/wp\/v2\/types\/post"}],"author":[{"embeddable":true,"href":"https:\/\/www.fledermauszug-deutschland.de\/index.php\/wp-json\/wp\/v2\/users\/3"}],"replies":[{"embeddable":true,"href":"https:\/\/www.fledermauszug-deutschland.de\/index.php\/wp-json\/wp\/v2\/comments?post=1337"}],"version-history":[{"count":7,"href":"https:\/\/www.fledermauszug-deutschland.de\/index.php\/wp-json\/wp\/v2\/posts\/1337\/revisions"}],"predecessor-version":[{"id":1345,"href":"https:\/\/www.fledermauszug-deutschland.de\/index.php\/wp-json\/wp\/v2\/posts\/1337\/revisions\/1345"}],"wp:attachment":[{"href":"https:\/\/www.fledermauszug-deutschland.de\/index.php\/wp-json\/wp\/v2\/media?parent=1337"}],"wp:term":[{"taxonomy":"category","embeddable":true,"href":"https:\/\/www.fledermauszug-deutschland.de\/index.php\/wp-json\/wp\/v2\/categories?post=1337"},{"taxonomy":"post_tag","embeddable":true,"href":"https:\/\/www.fledermauszug-deutschland.de\/index.php\/wp-json\/wp\/v2\/tags?post=1337"}],"curies":[{"name":"wp","href":"https:\/\/api.w.org\/{rel}","templated":true}]}}