{"id":614,"date":"2016-08-29T14:38:28","date_gmt":"2016-08-29T12:38:28","guid":{"rendered":"http:\/\/fledermauszug-deutschland.de\/?p=614"},"modified":"2018-03-07T17:09:07","modified_gmt":"2018-03-07T16:09:07","slug":"der-herbstzug-hat-begonnen-rekordzahlen-aus-lettland-zeit-fuer-ring-fernfunde","status":"publish","type":"post","link":"https:\/\/www.fledermauszug-deutschland.de\/index.php\/2016\/08\/29\/der-herbstzug-hat-begonnen-rekordzahlen-aus-lettland-zeit-fuer-ring-fernfunde\/","title":{"rendered":"\u25cf Der Herbstzug hat begonnen, Rekordzahlen aus Lettland, Zeit f\u00fcr Ring-Fernfunde!"},"content":{"rendered":"<p>Die g\u00fcnstige Wetterlage hat Millionen von Zugflederm\u00e4usen aus Nordosteuropa dazu veranlasst, sich seit dem 19.08.2016 auf den Weg in ihre \u00dcberwinterungsgebiete zu begeben.<\/p>\n<p><a href=\"https:\/\/www.fledermauszug-deutschland.de\/wp-content\/uploads\/2016\/08\/Mitteilung-Migration-Pape_Zugseite.pdf\" target=\"_blank\" rel=\"noopener\">hier<\/a> weiterlesen<\/p>\n<p style=\"text-align: right;\"><a href=\"http:\/\/fledermauszug-deutschland.de\/wp-content\/uploads\/2016\/08\/P.nat_3_KathleenKuhring_gesch-1.jpg\"><img loading=\"lazy\" decoding=\"async\" class=\"alignnone size-full wp-image-615\" src=\"https:\/\/www.fledermauszug-deutschland.de\/wp-content\/uploads\/2016\/08\/P.nat_3_KathleenKuhring_gesch-1.jpg\" alt=\"P.nat_3_KathleenKuhring_gesch\" width=\"4186\" height=\"2021\" srcset=\"https:\/\/www.fledermauszug-deutschland.de\/wp-content\/uploads\/2016\/08\/P.nat_3_KathleenKuhring_gesch-1.jpg 4186w, https:\/\/www.fledermauszug-deutschland.de\/wp-content\/uploads\/2016\/08\/P.nat_3_KathleenKuhring_gesch-1-300x145.jpg 300w, https:\/\/www.fledermauszug-deutschland.de\/wp-content\/uploads\/2016\/08\/P.nat_3_KathleenKuhring_gesch-1-768x371.jpg 768w, https:\/\/www.fledermauszug-deutschland.de\/wp-content\/uploads\/2016\/08\/P.nat_3_KathleenKuhring_gesch-1-1024x494.jpg 1024w\" sizes=\"auto, (max-width: 4186px) 100vw, 4186px\" \/><\/a>Foto: K. Kuhring<\/p>\n<p>Bitte achten Sie auf markierte Flederm\u00e4use mit Unterarmklammern!<\/p>\n<p>&nbsp;<\/p>\n","protected":false},"excerpt":{"rendered":"<p>Die g\u00fcnstige Wetterlage hat Millionen von Zugflederm\u00e4usen aus Nordosteuropa dazu veranlasst, sich seit dem 19.08.2016 auf den Weg in ihre \u00dcberwinterungsgebiete zu begeben. hier weiterlesen Foto: K. Kuhring Bitte achten <a class=\"more-link\" href=\"https:\/\/www.fledermauszug-deutschland.de\/index.php\/2016\/08\/29\/der-herbstzug-hat-begonnen-rekordzahlen-aus-lettland-zeit-fuer-ring-fernfunde\/\">Weiterlesen \u2192<\/a><\/p>\n","protected":false},"author":3,"featured_media":0,"comment_status":"closed","ping_status":"closed","sticky":false,"template":"","format":"standard","meta":{"footnotes":""},"categories":[1,9],"tags":[],"class_list":["post-614","post","type-post","status-publish","format-standard","hentry","category-allgemein","category-archive"],"_links":{"self":[{"href":"https:\/\/www.fledermauszug-deutschland.de\/index.php\/wp-json\/wp\/v2\/posts\/614","targetHints":{"allow":["GET"]}}],"collection":[{"href":"https:\/\/www.fledermauszug-deutschland.de\/index.php\/wp-json\/wp\/v2\/posts"}],"about":[{"href":"https:\/\/www.fledermauszug-deutschland.de\/index.php\/wp-json\/wp\/v2\/types\/post"}],"author":[{"embeddable":true,"href":"https:\/\/www.fledermauszug-deutschland.de\/index.php\/wp-json\/wp\/v2\/users\/3"}],"replies":[{"embeddable":true,"href":"https:\/\/www.fledermauszug-deutschland.de\/index.php\/wp-json\/wp\/v2\/comments?post=614"}],"version-history":[{"count":8,"href":"https:\/\/www.fledermauszug-deutschland.de\/index.php\/wp-json\/wp\/v2\/posts\/614\/revisions"}],"predecessor-version":[{"id":1272,"href":"https:\/\/www.fledermauszug-deutschland.de\/index.php\/wp-json\/wp\/v2\/posts\/614\/revisions\/1272"}],"wp:attachment":[{"href":"https:\/\/www.fledermauszug-deutschland.de\/index.php\/wp-json\/wp\/v2\/media?parent=614"}],"wp:term":[{"taxonomy":"category","embeddable":true,"href":"https:\/\/www.fledermauszug-deutschland.de\/index.php\/wp-json\/wp\/v2\/categories?post=614"},{"taxonomy":"post_tag","embeddable":true,"href":"https:\/\/www.fledermauszug-deutschland.de\/index.php\/wp-json\/wp\/v2\/tags?post=614"}],"curies":[{"name":"wp","href":"https:\/\/api.w.org\/{rel}","templated":true}]}}