{"id":946,"date":"2017-06-16T12:12:42","date_gmt":"2017-06-16T10:12:42","guid":{"rendered":"http:\/\/fledermauszug-deutschland.de\/?p=946"},"modified":"2017-08-07T10:59:01","modified_gmt":"2017-08-07T08:59:01","slug":"stausee-kelbra-rast-und-zuggebiet-fuer-migrierende-fledermausarten","status":"publish","type":"post","link":"https:\/\/www.fledermauszug-deutschland.de\/index.php\/2017\/06\/16\/stausee-kelbra-rast-und-zuggebiet-fuer-migrierende-fledermausarten\/","title":{"rendered":"\u25cf Stausee Kelbra &#8211; Rast- und Zuggebiet f\u00fcr migrierende Fledermausarten"},"content":{"rendered":"<p><a href=\"http:\/\/fledermauszug-deutschland.de\/wp-content\/uploads\/2017\/06\/Stausee-Kelbra-Homepage.jpg\"><img loading=\"lazy\" decoding=\"async\" class=\"alignnone size-full wp-image-947\" src=\"http:\/\/fledermauszug-deutschland.de\/wp-content\/uploads\/2017\/06\/Stausee-Kelbra-Homepage.jpg\" alt=\"\" width=\"1225\" height=\"738\" srcset=\"https:\/\/www.fledermauszug-deutschland.de\/wp-content\/uploads\/2017\/06\/Stausee-Kelbra-Homepage.jpg 1225w, https:\/\/www.fledermauszug-deutschland.de\/wp-content\/uploads\/2017\/06\/Stausee-Kelbra-Homepage-300x181.jpg 300w, https:\/\/www.fledermauszug-deutschland.de\/wp-content\/uploads\/2017\/06\/Stausee-Kelbra-Homepage-768x463.jpg 768w, https:\/\/www.fledermauszug-deutschland.de\/wp-content\/uploads\/2017\/06\/Stausee-Kelbra-Homepage-1024x617.jpg 1024w\" sizes=\"auto, (max-width: 1225px) 100vw, 1225px\" \/><\/a><\/p>\n<p>Der Stausee Kelbra ist ein international bedeutendes Rast- und Durchzugsgebiet f\u00fcr V\u00f6gel und Flederm\u00e4use.<\/p>\n<p>Im Monitoring Fledermauszug Deutschland werden die fernziehenden Fledermausarten Rauhautfledermaus (Pipistrellus nathusii), Kleinabendsegler (Nyctalus leisleri), Gro\u00dfer Abendsegler (Nyctalus noctula) und Zweifarbfledermaus (Vespertilio murinus) erfasst.<\/p>\n<p>Gesamttext <a href=\"http:\/\/fledermauszug-deutschland.de\/wp-content\/uploads\/2017\/06\/17_Der-Stausee-Kelbra-ist-ein-international-bedeutendes-Rast-und-Durchzugsgebiet-f\u00fcr-V\u00f6gel-und-Flederm\u00e4use-1.pdf\" target=\"_blank\" rel=\"noopener\">hier<\/a><\/p>\n","protected":false},"excerpt":{"rendered":"<p>Der Stausee Kelbra ist ein international bedeutendes Rast- und Durchzugsgebiet f\u00fcr V\u00f6gel und Flederm\u00e4use. Im Monitoring Fledermauszug Deutschland werden die fernziehenden Fledermausarten Rauhautfledermaus (Pipistrellus nathusii), Kleinabendsegler (Nyctalus leisleri), Gro\u00dfer Abendsegler <a class=\"more-link\" href=\"https:\/\/www.fledermauszug-deutschland.de\/index.php\/2017\/06\/16\/stausee-kelbra-rast-und-zuggebiet-fuer-migrierende-fledermausarten\/\">Weiterlesen \u2192<\/a><\/p>\n","protected":false},"author":3,"featured_media":0,"comment_status":"closed","ping_status":"closed","sticky":false,"template":"","format":"standard","meta":{"footnotes":""},"categories":[1,9],"tags":[],"class_list":["post-946","post","type-post","status-publish","format-standard","hentry","category-allgemein","category-archive"],"_links":{"self":[{"href":"https:\/\/www.fledermauszug-deutschland.de\/index.php\/wp-json\/wp\/v2\/posts\/946","targetHints":{"allow":["GET"]}}],"collection":[{"href":"https:\/\/www.fledermauszug-deutschland.de\/index.php\/wp-json\/wp\/v2\/posts"}],"about":[{"href":"https:\/\/www.fledermauszug-deutschland.de\/index.php\/wp-json\/wp\/v2\/types\/post"}],"author":[{"embeddable":true,"href":"https:\/\/www.fledermauszug-deutschland.de\/index.php\/wp-json\/wp\/v2\/users\/3"}],"replies":[{"embeddable":true,"href":"https:\/\/www.fledermauszug-deutschland.de\/index.php\/wp-json\/wp\/v2\/comments?post=946"}],"version-history":[{"count":4,"href":"https:\/\/www.fledermauszug-deutschland.de\/index.php\/wp-json\/wp\/v2\/posts\/946\/revisions"}],"predecessor-version":[{"id":969,"href":"https:\/\/www.fledermauszug-deutschland.de\/index.php\/wp-json\/wp\/v2\/posts\/946\/revisions\/969"}],"wp:attachment":[{"href":"https:\/\/www.fledermauszug-deutschland.de\/index.php\/wp-json\/wp\/v2\/media?parent=946"}],"wp:term":[{"taxonomy":"category","embeddable":true,"href":"https:\/\/www.fledermauszug-deutschland.de\/index.php\/wp-json\/wp\/v2\/categories?post=946"},{"taxonomy":"post_tag","embeddable":true,"href":"https:\/\/www.fledermauszug-deutschland.de\/index.php\/wp-json\/wp\/v2\/tags?post=946"}],"curies":[{"name":"wp","href":"https:\/\/api.w.org\/{rel}","templated":true}]}}